{"id":6028,"date":"2011-07-31T00:00:00","date_gmt":"2011-07-31T03:00:00","guid":{"rendered":"http:\/\/dwinvap.com.ar\/2011\/07\/31\/hector-otheguy-participates-in-tec2-magazine-launch-at-tecnopolis\/"},"modified":"2011-07-31T00:00:00","modified_gmt":"2011-07-31T03:00:00","slug":"hector-otheguy-participates-in-tec2-magazine-launch-at-tecnopolis","status":"publish","type":"post","link":"https:\/\/www.invap.com.ar\/en\/hector-otheguy-participates-in-tec2-magazine-launch-at-tecnopolis\/","title":{"rendered":"H\u00e9ctor Otheguy participates in TEC2 Magazine Launch at Tecn\u00f3polis"},"content":{"rendered":"<p>Today at Tecn\u00f3polis, Argentina&#8217;s Minister of Defense, Mr. Arturo A. Puricelli, headed a panel devoted to the&nbsp;presentation of&nbsp;the 2nd edition of TEC2 Magazine, a publication edited by the Institute of Scientific and Technical Research for the&nbsp;Defense (CITEDEF),&nbsp;an organization under the&nbsp;Ministry of Defense.&nbsp; &nbsp;The panel was also formed by Mr. Eduardo A. Fabre, President of CITEDEF; Mr. Horacio Gonz\u00e1lez, Director of the National Library; Mr. Ricardo Forster, a philosopher and professor at the University of Buenos Aires, and Mr. H\u00e9ctor Otheguy.<\/p>\n<p>    During his speech, the Minister highlighted the advances in Science and Technology for the Defense in the last few years and stressed the recovery of the&nbsp;Military Aircraft&nbsp;Factory (FAdeA), of the Argentine Naval Industrial&nbsp;Complex (CINAR) as well as the construction of primary and secondary radars with national technology and professionals.<\/p>\n<p>In turn, Mr. Otheguy started his conference by showing the audience an <a href=\"http:\/\/www.youtube.com\/watch?v=tP8uxUCji3k&amp;feature=player_embedded\" target=\"_blank\" rel=\"noopener noreferrer\">audiovisual<\/a>&nbsp; presentation that&nbsp;describes SAC-D\/Aquarius design and construction tasks performed by INVAP and pointed out that &#8220;this satellite is a sample of the competitive level of&nbsp;the national&nbsp;space technology\u201d. He then presented the OPAL Reactor experience in Australia and briefly commented on other technological projects of the company, to end the presentation by mentioning the Program for the Installation of&nbsp;Radar Systems promoted&nbsp;in 2004 by former&nbsp;President N\u00e9stor Kirchner. Finally, Mr. Otheguy emphasized that this level of development is the&nbsp;result of the smart use of the State&#8217;s&nbsp;buying power which reflects in strategic decisions taken at the right moment, taking into account the whole National Science and Technology System.<\/p>\n<p>Agreeing with Mr. Puricelli, Mr. Otheguy recalled a statement by mathematician Adri\u00e1n Paenza, who, at the Martin Fierro 2011&nbsp;Awards Ceremony said: \u201cN\u00e9stor and Cristina Kirchner have invited Science and Technology to sit at our table\u201d.<\/p>\n<p>Mr. Eduardo A. Fabre added: \u201cWe now feel like&nbsp;part of the science, technology and industrial development model. And what is this model? you may ask.&nbsp; It is about creating jobs and adding value to primary production through knowledge, by promoting and financing science and technology.&#8221;<\/p>\n<p>+INFO<br \/>H\u00e9ctor Otheguy&#8217;s Audiovisual Presentation<br \/><audio class=\"wp-audio-shortcode\" id=\"audio-6028-1\" preload=\"none\" style=\"width: 100%;\" controls=\"controls\"><source type=\"audio\/mpeg\" src=\"http:\/\/dwinvap.com.ar\/wp-content\/uploads\/2011\/07\/Presentacion_TEC2.mp3?_=1\" \/><a href=\"http:\/\/dwinvap.com.ar\/wp-content\/uploads\/2011\/07\/Presentacion_TEC2.mp3\">http:\/\/dwinvap.com.ar\/wp-content\/uploads\/2011\/07\/Presentacion_TEC2.mp3<\/a><\/audio><\/p>\n<p>\u00a0<\/p>\n","protected":false},"excerpt":{"rendered":"Today at Tecn\u00f3polis, Argentina&#8217;s Minister of Defense, Mr. Arturo A. Puricelli, headed a panel devoted to the&nbsp;presentation of&nbsp;the 2nd edition of TEC2 Magazine, a publication edited by the Institute of Scientific and Technical Research for the&nbsp;Defense (CITEDEF),&nbsp;an organization under the&nbsp;Ministry of Defense.&nbsp; &nbsp;The panel was also formed by Mr. Eduardo A. Fabre, President of CITEDEF;&#8230; <a class=\"view-article\" href=\"https:\/\/www.invap.com.ar\/en\/hector-otheguy-participates-in-tec2-magazine-launch-at-tecnopolis\/\">View Article<\/a>","protected":false},"author":12,"featured_media":8635,"comment_status":"closed","ping_status":"closed","sticky":false,"template":"","format":"standard","meta":{"_acf_changed":false,"footnotes":""},"categories":[24],"tags":[],"class_list":["post-6028","post","type-post","status-publish","format-standard","has-post-thumbnail","hentry","category-all-news"],"acf":[],"yoast_head":"<!-- This site is optimized with the Yoast SEO plugin v27.2 - https:\/\/yoast.com\/product\/yoast-seo-wordpress\/ -->\n<title>H\u00e9ctor Otheguy participates in TEC2 Magazine Launch at Tecn\u00f3polis | INVAP<\/title>\n<meta name=\"robots\" content=\"index, follow, max-snippet:-1, max-image-preview:large, max-video-preview:-1\" \/>\n<link rel=\"canonical\" href=\"https:\/\/www.invap.com.ar\/en\/hector-otheguy-participates-in-tec2-magazine-launch-at-tecnopolis\/\" \/>\n<meta property=\"og:locale\" content=\"en_US\" \/>\n<meta property=\"og:type\" content=\"article\" \/>\n<meta property=\"og:title\" content=\"H\u00e9ctor Otheguy participates in TEC2 Magazine Launch at Tecn\u00f3polis | INVAP\" \/>\n<meta property=\"og:description\" content=\"Today at Tecn\u00f3polis, Argentina&#8217;s Minister of Defense, Mr. Arturo A. Puricelli, headed a panel devoted to the&nbsp;presentation of&nbsp;the 2nd edition of TEC2 Magazine, a publication edited by the Institute of Scientific and Technical Research for the&nbsp;Defense (CITEDEF),&nbsp;an organization under the&nbsp;Ministry of Defense.&nbsp; &nbsp;The panel was also formed by Mr. Eduardo A. Fabre, President of CITEDEF;... View Article\" \/>\n<meta property=\"og:url\" content=\"https:\/\/www.invap.com.ar\/en\/hector-otheguy-participates-in-tec2-magazine-launch-at-tecnopolis\/\" \/>\n<meta property=\"og:site_name\" content=\"INVAP\" \/>\n<meta property=\"article:publisher\" content=\"https:\/\/www.facebook.com\/INVAP\" \/>\n<meta property=\"article:published_time\" content=\"2011-07-31T03:00:00+00:00\" \/>\n<meta property=\"og:image\" content=\"https:\/\/www.invap.com.ar\/wp-content\/uploads\/2011\/07\/heotecnopolis1-4.jpg\" \/>\n\t<meta property=\"og:image:width\" content=\"825\" \/>\n\t<meta property=\"og:image:height\" content=\"550\" \/>\n\t<meta property=\"og:image:type\" content=\"image\/jpeg\" \/>\n<meta name=\"author\" content=\"Invasor Diagonal\" \/>\n<meta name=\"twitter:card\" content=\"summary_large_image\" \/>\n<meta name=\"twitter:creator\" content=\"@invapargentina\" \/>\n<meta name=\"twitter:site\" content=\"@invapargentina\" \/>\n<meta name=\"twitter:label1\" content=\"Written by\" \/>\n\t<meta name=\"twitter:data1\" content=\"Invasor Diagonal\" \/>\n\t<meta name=\"twitter:label2\" content=\"Est. reading time\" \/>\n\t<meta name=\"twitter:data2\" content=\"2 minutes\" \/>\n<script type=\"application\/ld+json\" class=\"yoast-schema-graph\">{\"@context\":\"https:\/\/schema.org\",\"@graph\":[{\"@type\":\"Article\",\"@id\":\"https:\/\/www.invap.com.ar\/en\/hector-otheguy-participates-in-tec2-magazine-launch-at-tecnopolis\/#article\",\"isPartOf\":{\"@id\":\"https:\/\/www.invap.com.ar\/en\/hector-otheguy-participates-in-tec2-magazine-launch-at-tecnopolis\/\"},\"author\":{\"name\":\"Invasor Diagonal\",\"@id\":\"https:\/\/www.invap.com.ar\/en\/#\/schema\/person\/e0ede1e0b418894f10f6937028b6a3a5\"},\"headline\":\"H\u00e9ctor Otheguy participates in TEC2 Magazine Launch at Tecn\u00f3polis\",\"datePublished\":\"2011-07-31T03:00:00+00:00\",\"mainEntityOfPage\":{\"@id\":\"https:\/\/www.invap.com.ar\/en\/hector-otheguy-participates-in-tec2-magazine-launch-at-tecnopolis\/\"},\"wordCount\":401,\"publisher\":{\"@id\":\"https:\/\/www.invap.com.ar\/en\/#organization\"},\"image\":{\"@id\":\"https:\/\/www.invap.com.ar\/en\/hector-otheguy-participates-in-tec2-magazine-launch-at-tecnopolis\/#primaryimage\"},\"thumbnailUrl\":\"https:\/\/www.invap.com.ar\/wp-content\/uploads\/2011\/07\/heotecnopolis1-4.jpg\",\"articleSection\":[\"News\"],\"inLanguage\":\"en-US\"},{\"@type\":\"WebPage\",\"@id\":\"https:\/\/www.invap.com.ar\/en\/hector-otheguy-participates-in-tec2-magazine-launch-at-tecnopolis\/\",\"url\":\"https:\/\/www.invap.com.ar\/en\/hector-otheguy-participates-in-tec2-magazine-launch-at-tecnopolis\/\",\"name\":\"H\u00e9ctor Otheguy participates in TEC2 Magazine Launch at Tecn\u00f3polis | INVAP\",\"isPartOf\":{\"@id\":\"https:\/\/www.invap.com.ar\/en\/#website\"},\"primaryImageOfPage\":{\"@id\":\"https:\/\/www.invap.com.ar\/en\/hector-otheguy-participates-in-tec2-magazine-launch-at-tecnopolis\/#primaryimage\"},\"image\":{\"@id\":\"https:\/\/www.invap.com.ar\/en\/hector-otheguy-participates-in-tec2-magazine-launch-at-tecnopolis\/#primaryimage\"},\"thumbnailUrl\":\"https:\/\/www.invap.com.ar\/wp-content\/uploads\/2011\/07\/heotecnopolis1-4.jpg\",\"datePublished\":\"2011-07-31T03:00:00+00:00\",\"breadcrumb\":{\"@id\":\"https:\/\/www.invap.com.ar\/en\/hector-otheguy-participates-in-tec2-magazine-launch-at-tecnopolis\/#breadcrumb\"},\"inLanguage\":\"en-US\",\"potentialAction\":[{\"@type\":\"ReadAction\",\"target\":[\"https:\/\/www.invap.com.ar\/en\/hector-otheguy-participates-in-tec2-magazine-launch-at-tecnopolis\/\"]}]},{\"@type\":\"ImageObject\",\"inLanguage\":\"en-US\",\"@id\":\"https:\/\/www.invap.com.ar\/en\/hector-otheguy-participates-in-tec2-magazine-launch-at-tecnopolis\/#primaryimage\",\"url\":\"https:\/\/www.invap.com.ar\/wp-content\/uploads\/2011\/07\/heotecnopolis1-4.jpg\",\"contentUrl\":\"https:\/\/www.invap.com.ar\/wp-content\/uploads\/2011\/07\/heotecnopolis1-4.jpg\",\"width\":825,\"height\":550},{\"@type\":\"BreadcrumbList\",\"@id\":\"https:\/\/www.invap.com.ar\/en\/hector-otheguy-participates-in-tec2-magazine-launch-at-tecnopolis\/#breadcrumb\",\"itemListElement\":[{\"@type\":\"ListItem\",\"position\":1,\"name\":\"Home\",\"item\":\"https:\/\/www.invap.com.ar\/en\/\"},{\"@type\":\"ListItem\",\"position\":2,\"name\":\"H\u00e9ctor Otheguy participates in TEC2 Magazine Launch at Tecn\u00f3polis\"}]},{\"@type\":\"WebSite\",\"@id\":\"https:\/\/www.invap.com.ar\/en\/#website\",\"url\":\"https:\/\/www.invap.com.ar\/en\/\",\"name\":\"INVAP - Ciencia y tecnolog\u00eda argentina para el mundo\",\"description\":\"Science, engineering and technological innovation from Argentina to the world.\",\"publisher\":{\"@id\":\"https:\/\/www.invap.com.ar\/en\/#organization\"},\"alternateName\":\"INVAP\",\"potentialAction\":[{\"@type\":\"SearchAction\",\"target\":{\"@type\":\"EntryPoint\",\"urlTemplate\":\"https:\/\/www.invap.com.ar\/en\/?s={search_term_string}\"},\"query-input\":{\"@type\":\"PropertyValueSpecification\",\"valueRequired\":true,\"valueName\":\"search_term_string\"}}],\"inLanguage\":\"en-US\"},{\"@type\":\"Organization\",\"@id\":\"https:\/\/www.invap.com.ar\/en\/#organization\",\"name\":\"INVAP - Ciencia y tecnolog\u00eda argentina para el mundo\",\"alternateName\":\"INVAP\",\"url\":\"https:\/\/www.invap.com.ar\/en\/\",\"logo\":{\"@type\":\"ImageObject\",\"inLanguage\":\"en-US\",\"@id\":\"https:\/\/www.invap.com.ar\/en\/#\/schema\/logo\/image\/\",\"url\":\"https:\/\/www.invap.com.ar\/wp-content\/uploads\/2026\/03\/LOGO-INVAP-696-YOAST.png\",\"contentUrl\":\"https:\/\/www.invap.com.ar\/wp-content\/uploads\/2026\/03\/LOGO-INVAP-696-YOAST.png\",\"width\":696,\"height\":696,\"caption\":\"INVAP - Ciencia y tecnolog\u00eda argentina para el mundo\"},\"image\":{\"@id\":\"https:\/\/www.invap.com.ar\/en\/#\/schema\/logo\/image\/\"},\"sameAs\":[\"https:\/\/www.facebook.com\/INVAP\",\"https:\/\/x.com\/invapargentina\",\"https:\/\/www.linkedin.com\/company\/invap\",\"https:\/\/www.instagram.com\/invapargentina\",\"https:\/\/www.tiktok.com\/@invapargentina\",\"https:\/\/www.youtube.com\/user\/invapin\",\"https:\/\/es.wikipedia.org\/wiki\/INVAP\"]},{\"@type\":\"Person\",\"@id\":\"https:\/\/www.invap.com.ar\/en\/#\/schema\/person\/e0ede1e0b418894f10f6937028b6a3a5\",\"name\":\"Invasor Diagonal\"}]}<\/script>\n<!-- \/ Yoast SEO plugin. -->","yoast_head_json":{"title":"H\u00e9ctor Otheguy participates in TEC2 Magazine Launch at Tecn\u00f3polis | INVAP","robots":{"index":"index","follow":"follow","max-snippet":"max-snippet:-1","max-image-preview":"max-image-preview:large","max-video-preview":"max-video-preview:-1"},"canonical":"https:\/\/www.invap.com.ar\/en\/hector-otheguy-participates-in-tec2-magazine-launch-at-tecnopolis\/","og_locale":"en_US","og_type":"article","og_title":"H\u00e9ctor Otheguy participates in TEC2 Magazine Launch at Tecn\u00f3polis | INVAP","og_description":"Today at Tecn\u00f3polis, Argentina&#8217;s Minister of Defense, Mr. Arturo A. Puricelli, headed a panel devoted to the&nbsp;presentation of&nbsp;the 2nd edition of TEC2 Magazine, a publication edited by the Institute of Scientific and Technical Research for the&nbsp;Defense (CITEDEF),&nbsp;an organization under the&nbsp;Ministry of Defense.&nbsp; &nbsp;The panel was also formed by Mr. Eduardo A. Fabre, President of CITEDEF;... View Article","og_url":"https:\/\/www.invap.com.ar\/en\/hector-otheguy-participates-in-tec2-magazine-launch-at-tecnopolis\/","og_site_name":"INVAP","article_publisher":"https:\/\/www.facebook.com\/INVAP","article_published_time":"2011-07-31T03:00:00+00:00","og_image":[{"width":825,"height":550,"url":"https:\/\/www.invap.com.ar\/wp-content\/uploads\/2011\/07\/heotecnopolis1-4.jpg","type":"image\/jpeg"}],"author":"Invasor Diagonal","twitter_card":"summary_large_image","twitter_creator":"@invapargentina","twitter_site":"@invapargentina","twitter_misc":{"Written by":"Invasor Diagonal","Est. reading time":"2 minutes"},"schema":{"@context":"https:\/\/schema.org","@graph":[{"@type":"Article","@id":"https:\/\/www.invap.com.ar\/en\/hector-otheguy-participates-in-tec2-magazine-launch-at-tecnopolis\/#article","isPartOf":{"@id":"https:\/\/www.invap.com.ar\/en\/hector-otheguy-participates-in-tec2-magazine-launch-at-tecnopolis\/"},"author":{"name":"Invasor Diagonal","@id":"https:\/\/www.invap.com.ar\/en\/#\/schema\/person\/e0ede1e0b418894f10f6937028b6a3a5"},"headline":"H\u00e9ctor Otheguy participates in TEC2 Magazine Launch at Tecn\u00f3polis","datePublished":"2011-07-31T03:00:00+00:00","mainEntityOfPage":{"@id":"https:\/\/www.invap.com.ar\/en\/hector-otheguy-participates-in-tec2-magazine-launch-at-tecnopolis\/"},"wordCount":401,"publisher":{"@id":"https:\/\/www.invap.com.ar\/en\/#organization"},"image":{"@id":"https:\/\/www.invap.com.ar\/en\/hector-otheguy-participates-in-tec2-magazine-launch-at-tecnopolis\/#primaryimage"},"thumbnailUrl":"https:\/\/www.invap.com.ar\/wp-content\/uploads\/2011\/07\/heotecnopolis1-4.jpg","articleSection":["News"],"inLanguage":"en-US"},{"@type":"WebPage","@id":"https:\/\/www.invap.com.ar\/en\/hector-otheguy-participates-in-tec2-magazine-launch-at-tecnopolis\/","url":"https:\/\/www.invap.com.ar\/en\/hector-otheguy-participates-in-tec2-magazine-launch-at-tecnopolis\/","name":"H\u00e9ctor Otheguy participates in TEC2 Magazine Launch at Tecn\u00f3polis | INVAP","isPartOf":{"@id":"https:\/\/www.invap.com.ar\/en\/#website"},"primaryImageOfPage":{"@id":"https:\/\/www.invap.com.ar\/en\/hector-otheguy-participates-in-tec2-magazine-launch-at-tecnopolis\/#primaryimage"},"image":{"@id":"https:\/\/www.invap.com.ar\/en\/hector-otheguy-participates-in-tec2-magazine-launch-at-tecnopolis\/#primaryimage"},"thumbnailUrl":"https:\/\/www.invap.com.ar\/wp-content\/uploads\/2011\/07\/heotecnopolis1-4.jpg","datePublished":"2011-07-31T03:00:00+00:00","breadcrumb":{"@id":"https:\/\/www.invap.com.ar\/en\/hector-otheguy-participates-in-tec2-magazine-launch-at-tecnopolis\/#breadcrumb"},"inLanguage":"en-US","potentialAction":[{"@type":"ReadAction","target":["https:\/\/www.invap.com.ar\/en\/hector-otheguy-participates-in-tec2-magazine-launch-at-tecnopolis\/"]}]},{"@type":"ImageObject","inLanguage":"en-US","@id":"https:\/\/www.invap.com.ar\/en\/hector-otheguy-participates-in-tec2-magazine-launch-at-tecnopolis\/#primaryimage","url":"https:\/\/www.invap.com.ar\/wp-content\/uploads\/2011\/07\/heotecnopolis1-4.jpg","contentUrl":"https:\/\/www.invap.com.ar\/wp-content\/uploads\/2011\/07\/heotecnopolis1-4.jpg","width":825,"height":550},{"@type":"BreadcrumbList","@id":"https:\/\/www.invap.com.ar\/en\/hector-otheguy-participates-in-tec2-magazine-launch-at-tecnopolis\/#breadcrumb","itemListElement":[{"@type":"ListItem","position":1,"name":"Home","item":"https:\/\/www.invap.com.ar\/en\/"},{"@type":"ListItem","position":2,"name":"H\u00e9ctor Otheguy participates in TEC2 Magazine Launch at Tecn\u00f3polis"}]},{"@type":"WebSite","@id":"https:\/\/www.invap.com.ar\/en\/#website","url":"https:\/\/www.invap.com.ar\/en\/","name":"INVAP - Ciencia y tecnolog\u00eda argentina para el mundo","description":"Science, engineering and technological innovation from Argentina to the world.","publisher":{"@id":"https:\/\/www.invap.com.ar\/en\/#organization"},"alternateName":"INVAP","potentialAction":[{"@type":"SearchAction","target":{"@type":"EntryPoint","urlTemplate":"https:\/\/www.invap.com.ar\/en\/?s={search_term_string}"},"query-input":{"@type":"PropertyValueSpecification","valueRequired":true,"valueName":"search_term_string"}}],"inLanguage":"en-US"},{"@type":"Organization","@id":"https:\/\/www.invap.com.ar\/en\/#organization","name":"INVAP - Ciencia y tecnolog\u00eda argentina para el mundo","alternateName":"INVAP","url":"https:\/\/www.invap.com.ar\/en\/","logo":{"@type":"ImageObject","inLanguage":"en-US","@id":"https:\/\/www.invap.com.ar\/en\/#\/schema\/logo\/image\/","url":"https:\/\/www.invap.com.ar\/wp-content\/uploads\/2026\/03\/LOGO-INVAP-696-YOAST.png","contentUrl":"https:\/\/www.invap.com.ar\/wp-content\/uploads\/2026\/03\/LOGO-INVAP-696-YOAST.png","width":696,"height":696,"caption":"INVAP - Ciencia y tecnolog\u00eda argentina para el mundo"},"image":{"@id":"https:\/\/www.invap.com.ar\/en\/#\/schema\/logo\/image\/"},"sameAs":["https:\/\/www.facebook.com\/INVAP","https:\/\/x.com\/invapargentina","https:\/\/www.linkedin.com\/company\/invap","https:\/\/www.instagram.com\/invapargentina","https:\/\/www.tiktok.com\/@invapargentina","https:\/\/www.youtube.com\/user\/invapin","https:\/\/es.wikipedia.org\/wiki\/INVAP"]},{"@type":"Person","@id":"https:\/\/www.invap.com.ar\/en\/#\/schema\/person\/e0ede1e0b418894f10f6937028b6a3a5","name":"Invasor Diagonal"}]}},"_links":{"self":[{"href":"https:\/\/www.invap.com.ar\/en\/wp-json\/wp\/v2\/posts\/6028","targetHints":{"allow":["GET"]}}],"collection":[{"href":"https:\/\/www.invap.com.ar\/en\/wp-json\/wp\/v2\/posts"}],"about":[{"href":"https:\/\/www.invap.com.ar\/en\/wp-json\/wp\/v2\/types\/post"}],"author":[{"embeddable":true,"href":"https:\/\/www.invap.com.ar\/en\/wp-json\/wp\/v2\/users\/12"}],"replies":[{"embeddable":true,"href":"https:\/\/www.invap.com.ar\/en\/wp-json\/wp\/v2\/comments?post=6028"}],"version-history":[{"count":0,"href":"https:\/\/www.invap.com.ar\/en\/wp-json\/wp\/v2\/posts\/6028\/revisions"}],"wp:featuredmedia":[{"embeddable":true,"href":"https:\/\/www.invap.com.ar\/en\/wp-json\/wp\/v2\/media\/8635"}],"wp:attachment":[{"href":"https:\/\/www.invap.com.ar\/en\/wp-json\/wp\/v2\/media?parent=6028"}],"wp:term":[{"taxonomy":"category","embeddable":true,"href":"https:\/\/www.invap.com.ar\/en\/wp-json\/wp\/v2\/categories?post=6028"},{"taxonomy":"post_tag","embeddable":true,"href":"https:\/\/www.invap.com.ar\/en\/wp-json\/wp\/v2\/tags?post=6028"}],"curies":[{"name":"wp","href":"https:\/\/api.w.org\/{rel}","templated":true}]}}