{"id":6033,"date":"2011-07-21T00:00:00","date_gmt":"2011-07-21T03:00:00","guid":{"rendered":"http:\/\/dwinvap.com.ar\/2011\/07\/21\/launching-of-the-north-shield-program\/"},"modified":"2011-07-21T00:00:00","modified_gmt":"2011-07-21T03:00:00","slug":"launching-of-the-north-shield-program","status":"publish","type":"post","link":"https:\/\/www.invap.com.ar\/en\/launching-of-the-north-shield-program\/","title":{"rendered":"Launching of the North Shield Program"},"content":{"rendered":"<p style=\"margin-top: 0.26cm; margin-bottom: 0.4cm; background: none repeat scroll 0% 0% #ffffff; line-height: 0.42cm;\"><span style=\"font-family: Arial,serif;\" face=\"Arial, serif\"><span style=\"font-size: x-small;\" size=\"2\"><span lang=\"en-US\">Yesterday, Argentine President C<\/span><\/span><\/span><span style=\"color: #201c1d;\" color=\"#201c1d\"><span style=\"font-family: Arial,serif;\" face=\"Arial, serif\"><span style=\"font-size: x-small;\" size=\"2\"><span lang=\"en-US\">ristina Fern\u00e1ndez de Kirchner officially inaugurated the North Shield Radarization plan, at Vicecomodoro \u00c1ngel de la Paz Aragon\u00e9s Airport of Santiago del Estero.<\/span><\/span><\/span><\/span><\/p>\n<p style=\"margin-top: 0.26cm; margin-bottom: 0.4cm; background: none repeat scroll 0% 0% #ffffff; line-height: 0.42cm;\"><span style=\"color: #201c1d;\" color=\"#201c1d\"><span style=\"font-family: Arial,serif;\" face=\"Arial, serif\"><span style=\"font-size: x-small;\" size=\"2\"><span lang=\"en-US\">Present at the ceremony were also the Governor of Santiago del Estero, Gerardo Zamora; the Ministers of Defense Nilda C. Garr\u00e9; of Home Affairs, An\u00edbal Florencio Randazzo and the Minister of Public Health, Juan Luis Manssur.<\/span><\/span><\/span><\/span><span style=\"font-family: Arial,serif;\" face=\"Arial, serif\"><span style=\"font-size: x-small;\" size=\"2\"><span lang=\"en-US\"><\/span><\/span><\/span><\/p>\n<p><span style=\"color: #201c1d;\" color=\"#201c1d\"><span style=\"font-family: Arial,serif;\" face=\"Arial, serif\"><span style=\"font-size: x-small;\" size=\"2\"><span lang=\"en-US\">The Chief of state inaugurated a 3D Long Range Primary Radar, designed and built by INVAP within the framework of the RP3DLAP Contract signed with the <\/span><\/span><\/span><\/span><a href=\"http:\/\/www.fab-militares.gov.ar\/\"><span style=\"color: #1a9f45;\" color=\"#1a9f45\"><span style=\"font-family: Arial,serif;\" face=\"Arial, serif\"><span style=\"font-size: x-small;\" size=\"2\"><span lang=\"en-US\">&nbsp;<\/span><\/span><\/span><\/span><span style=\"color: #222222;\" color=\"#222222\"><span style=\"font-family: Arial,serif;\" face=\"Arial, serif\"><span style=\"font-size: x-small;\" size=\"2\"><span lang=\"en-US\"><span style=\"background: none repeat scroll 0% 0% #ffffff;\">Direction of Military Industries (an agency that belongs to the Ministry of Federal Planning, Public Investments and Services).<\/span><\/span><\/span><\/span><\/span><\/a><span style=\"font-family: Arial,serif;\" face=\"Arial, serif\"><span style=\"font-size: x-small;\" size=\"2\"><span lang=\"en-US\"><\/span><\/span><\/span><\/p>\n<p><span style=\"color: #201c1d;\" color=\"#201c1d\"><span style=\"font-family: Arial,serif;\" face=\"Arial, serif\"><span style=\"font-size: x-small;\" size=\"2\"><span lang=\"en-US\">Last June, Mrs. President had announced the agreement corresponding to the production of the first series of six 3D Long range primary radars for the Argentine Air Force, that will be part of the National System of Aerospace Control and Surveillance created by Presidential Decree <\/span><\/span><\/span><\/span><span style=\"font-family: Arial,serif;\" face=\"Arial, serif\"><span style=\"font-size: x-small;\" size=\"2\"><span lang=\"en-US\"> <\/span><\/span><\/span><a href=\"http:\/\/www.anac.gob.ar\/spanish\/pages\/read\/radares\"><span style=\"color: #1a9f45;\" color=\"#1a9f45\"><span style=\"font-family: Arial,serif;\" face=\"Arial, serif\"><span style=\"font-size: x-small;\" size=\"2\"><span lang=\"en-US\"> N\u00b0 1.407\/04<\/span><\/span><\/span><\/span><\/a><span style=\"color: #201c1d;\" color=\"#201c1d\"><span style=\"font-family: Arial,serif;\" face=\"Arial, serif\"><span style=\"font-size: x-small;\" size=\"2\"><span lang=\"en-US\">.&nbsp;<\/span><\/span><\/span><\/span><span style=\"font-family: Arial,serif;\" face=\"Arial, serif\"><span style=\"font-size: x-small;\" size=\"2\"><span lang=\"en-US\"><\/span><\/span><\/span><\/p>\n<p><span style=\"color: #201c1d;\" color=\"#201c1d\"><span style=\"font-family: Arial,serif;\" face=\"Arial, serif\"><span style=\"font-size: x-small;\" size=\"2\"><span lang=\"en-US\">The main function of the 3D radar will be to provide location and movement information of the aircraft activity inside the coverage area, in order to perform detection, surveillance, identification and control tasks of the air space under control.<\/span><\/span><\/span><\/span><\/p>\n<p style=\"margin-top: 0.26cm; margin-bottom: 0.4cm; background: none repeat scroll 0% 0% #ffffff; line-height: 0.42cm;\"><span style=\"color: #201c1d;\" color=\"#201c1d\"><span style=\"font-family: Arial,serif;\" face=\"Arial, serif\"><span style=\"font-size: x-small;\" size=\"2\"><span lang=\"en-US\">The North Shield Program has, besides the radar, three Pucara airplanes, three Helicopters and a crew of 150 Air Force men divided into two work groups: one in charge of Communications, whose responsibility is to process the information from the air surveillance system and one in charge of the piloting and maintenance of the aircrafts. <\/span><\/span><\/span><\/span><\/p>\n<p>&nbsp;<\/p>\n<p>https:\/\/www.youtube.com\/watch?v=zXAPWDSMgrQ<\/p>\n<p>https:\/\/www.youtube.com\/watch?v=AOmhIvB8Rbg<\/p>\n<p><strong>+ INFO<\/strong><br \/><a href=\"http:\/\/www.fab-militares.gov.ar\/Destacado-Tecnologia.html\">Direcci\u00f3n General de Fabricaciones Militares<\/a> <br \/><a href=\"http:\/\/www.prensa.argentina.ar\/2011\/07\/21\/21844-se-puso-en-marcha-el-operativo-escudo-norte.php\">Sala de Prensa, Presidencia de la Naci\u00f3n<\/a><\/p>\n","protected":false},"excerpt":{"rendered":"Yesterday, Argentine President Cristina Fern\u00e1ndez de Kirchner officially inaugurated the North Shield Radarization plan, at Vicecomodoro \u00c1ngel de la Paz Aragon\u00e9s Airport of Santiago del Estero. Present at the ceremony were also the Governor of Santiago del Estero, Gerardo Zamora; the Ministers of Defense Nilda C. Garr\u00e9; of Home Affairs, An\u00edbal Florencio Randazzo and the&#8230; <a class=\"view-article\" href=\"https:\/\/www.invap.com.ar\/en\/launching-of-the-north-shield-program\/\">View Article<\/a>","protected":false},"author":12,"featured_media":9114,"comment_status":"closed","ping_status":"closed","sticky":false,"template":"","format":"standard","meta":{"_acf_changed":false,"footnotes":""},"categories":[24],"tags":[],"class_list":["post-6033","post","type-post","status-publish","format-standard","has-post-thumbnail","hentry","category-all-news"],"acf":[],"yoast_head":"<!-- This site is optimized with the Yoast SEO plugin v27.2 - https:\/\/yoast.com\/product\/yoast-seo-wordpress\/ -->\n<title>Launching of the North Shield Program | INVAP<\/title>\n<meta name=\"robots\" content=\"index, follow, max-snippet:-1, max-image-preview:large, max-video-preview:-1\" \/>\n<link rel=\"canonical\" href=\"https:\/\/www.invap.com.ar\/en\/launching-of-the-north-shield-program\/\" \/>\n<meta property=\"og:locale\" content=\"en_US\" \/>\n<meta property=\"og:type\" content=\"article\" \/>\n<meta property=\"og:title\" content=\"Launching of the North Shield Program | INVAP\" \/>\n<meta property=\"og:description\" content=\"Yesterday, Argentine President Cristina Fern\u00e1ndez de Kirchner officially inaugurated the North Shield Radarization plan, at Vicecomodoro \u00c1ngel de la Paz Aragon\u00e9s Airport of Santiago del Estero. Present at the ceremony were also the Governor of Santiago del Estero, Gerardo Zamora; the Ministers of Defense Nilda C. Garr\u00e9; of Home Affairs, An\u00edbal Florencio Randazzo and the... View Article\" \/>\n<meta property=\"og:url\" content=\"https:\/\/www.invap.com.ar\/en\/launching-of-the-north-shield-program\/\" \/>\n<meta property=\"og:site_name\" content=\"INVAP\" \/>\n<meta property=\"article:publisher\" content=\"https:\/\/www.facebook.com\/INVAP\" \/>\n<meta property=\"article:published_time\" content=\"2011-07-21T03:00:00+00:00\" \/>\n<meta property=\"og:image\" content=\"https:\/\/www.invap.com.ar\/wp-content\/uploads\/2011\/07\/met-6.jpg\" \/>\n\t<meta property=\"og:image:width\" content=\"728\" \/>\n\t<meta property=\"og:image:height\" content=\"550\" \/>\n\t<meta property=\"og:image:type\" content=\"image\/jpeg\" \/>\n<meta name=\"author\" content=\"Invasor Diagonal\" \/>\n<meta name=\"twitter:card\" content=\"summary_large_image\" \/>\n<meta name=\"twitter:creator\" content=\"@invapargentina\" \/>\n<meta name=\"twitter:site\" content=\"@invapargentina\" \/>\n<meta name=\"twitter:label1\" content=\"Written by\" \/>\n\t<meta name=\"twitter:data1\" content=\"Invasor Diagonal\" \/>\n\t<meta name=\"twitter:label2\" content=\"Est. reading time\" \/>\n\t<meta name=\"twitter:data2\" content=\"1 minute\" \/>\n<script type=\"application\/ld+json\" class=\"yoast-schema-graph\">{\"@context\":\"https:\/\/schema.org\",\"@graph\":[{\"@type\":\"Article\",\"@id\":\"https:\/\/www.invap.com.ar\/en\/launching-of-the-north-shield-program\/#article\",\"isPartOf\":{\"@id\":\"https:\/\/www.invap.com.ar\/en\/launching-of-the-north-shield-program\/\"},\"author\":{\"name\":\"Invasor Diagonal\",\"@id\":\"https:\/\/www.invap.com.ar\/en\/#\/schema\/person\/e0ede1e0b418894f10f6937028b6a3a5\"},\"headline\":\"Launching of the North Shield Program\",\"datePublished\":\"2011-07-21T03:00:00+00:00\",\"mainEntityOfPage\":{\"@id\":\"https:\/\/www.invap.com.ar\/en\/launching-of-the-north-shield-program\/\"},\"wordCount\":289,\"publisher\":{\"@id\":\"https:\/\/www.invap.com.ar\/en\/#organization\"},\"image\":{\"@id\":\"https:\/\/www.invap.com.ar\/en\/launching-of-the-north-shield-program\/#primaryimage\"},\"thumbnailUrl\":\"https:\/\/www.invap.com.ar\/wp-content\/uploads\/2011\/07\/met-6.jpg\",\"articleSection\":[\"News\"],\"inLanguage\":\"en-US\"},{\"@type\":\"WebPage\",\"@id\":\"https:\/\/www.invap.com.ar\/en\/launching-of-the-north-shield-program\/\",\"url\":\"https:\/\/www.invap.com.ar\/en\/launching-of-the-north-shield-program\/\",\"name\":\"Launching of the North Shield Program | INVAP\",\"isPartOf\":{\"@id\":\"https:\/\/www.invap.com.ar\/en\/#website\"},\"primaryImageOfPage\":{\"@id\":\"https:\/\/www.invap.com.ar\/en\/launching-of-the-north-shield-program\/#primaryimage\"},\"image\":{\"@id\":\"https:\/\/www.invap.com.ar\/en\/launching-of-the-north-shield-program\/#primaryimage\"},\"thumbnailUrl\":\"https:\/\/www.invap.com.ar\/wp-content\/uploads\/2011\/07\/met-6.jpg\",\"datePublished\":\"2011-07-21T03:00:00+00:00\",\"breadcrumb\":{\"@id\":\"https:\/\/www.invap.com.ar\/en\/launching-of-the-north-shield-program\/#breadcrumb\"},\"inLanguage\":\"en-US\",\"potentialAction\":[{\"@type\":\"ReadAction\",\"target\":[\"https:\/\/www.invap.com.ar\/en\/launching-of-the-north-shield-program\/\"]}]},{\"@type\":\"ImageObject\",\"inLanguage\":\"en-US\",\"@id\":\"https:\/\/www.invap.com.ar\/en\/launching-of-the-north-shield-program\/#primaryimage\",\"url\":\"https:\/\/www.invap.com.ar\/wp-content\/uploads\/2011\/07\/met-6.jpg\",\"contentUrl\":\"https:\/\/www.invap.com.ar\/wp-content\/uploads\/2011\/07\/met-6.jpg\",\"width\":728,\"height\":550},{\"@type\":\"BreadcrumbList\",\"@id\":\"https:\/\/www.invap.com.ar\/en\/launching-of-the-north-shield-program\/#breadcrumb\",\"itemListElement\":[{\"@type\":\"ListItem\",\"position\":1,\"name\":\"Home\",\"item\":\"https:\/\/www.invap.com.ar\/en\/\"},{\"@type\":\"ListItem\",\"position\":2,\"name\":\"Launching of the North Shield Program\"}]},{\"@type\":\"WebSite\",\"@id\":\"https:\/\/www.invap.com.ar\/en\/#website\",\"url\":\"https:\/\/www.invap.com.ar\/en\/\",\"name\":\"INVAP - Ciencia y tecnolog\u00eda argentina para el mundo\",\"description\":\"Science, engineering and technological innovation from Argentina to the world.\",\"publisher\":{\"@id\":\"https:\/\/www.invap.com.ar\/en\/#organization\"},\"alternateName\":\"INVAP\",\"potentialAction\":[{\"@type\":\"SearchAction\",\"target\":{\"@type\":\"EntryPoint\",\"urlTemplate\":\"https:\/\/www.invap.com.ar\/en\/?s={search_term_string}\"},\"query-input\":{\"@type\":\"PropertyValueSpecification\",\"valueRequired\":true,\"valueName\":\"search_term_string\"}}],\"inLanguage\":\"en-US\"},{\"@type\":\"Organization\",\"@id\":\"https:\/\/www.invap.com.ar\/en\/#organization\",\"name\":\"INVAP - Ciencia y tecnolog\u00eda argentina para el mundo\",\"alternateName\":\"INVAP\",\"url\":\"https:\/\/www.invap.com.ar\/en\/\",\"logo\":{\"@type\":\"ImageObject\",\"inLanguage\":\"en-US\",\"@id\":\"https:\/\/www.invap.com.ar\/en\/#\/schema\/logo\/image\/\",\"url\":\"https:\/\/www.invap.com.ar\/wp-content\/uploads\/2026\/03\/LOGO-INVAP-696-YOAST.png\",\"contentUrl\":\"https:\/\/www.invap.com.ar\/wp-content\/uploads\/2026\/03\/LOGO-INVAP-696-YOAST.png\",\"width\":696,\"height\":696,\"caption\":\"INVAP - Ciencia y tecnolog\u00eda argentina para el mundo\"},\"image\":{\"@id\":\"https:\/\/www.invap.com.ar\/en\/#\/schema\/logo\/image\/\"},\"sameAs\":[\"https:\/\/www.facebook.com\/INVAP\",\"https:\/\/x.com\/invapargentina\",\"https:\/\/www.linkedin.com\/company\/invap\",\"https:\/\/www.instagram.com\/invapargentina\",\"https:\/\/www.tiktok.com\/@invapargentina\",\"https:\/\/www.youtube.com\/user\/invapin\",\"https:\/\/es.wikipedia.org\/wiki\/INVAP\"]},{\"@type\":\"Person\",\"@id\":\"https:\/\/www.invap.com.ar\/en\/#\/schema\/person\/e0ede1e0b418894f10f6937028b6a3a5\",\"name\":\"Invasor Diagonal\"}]}<\/script>\n<!-- \/ Yoast SEO plugin. -->","yoast_head_json":{"title":"Launching of the North Shield Program | INVAP","robots":{"index":"index","follow":"follow","max-snippet":"max-snippet:-1","max-image-preview":"max-image-preview:large","max-video-preview":"max-video-preview:-1"},"canonical":"https:\/\/www.invap.com.ar\/en\/launching-of-the-north-shield-program\/","og_locale":"en_US","og_type":"article","og_title":"Launching of the North Shield Program | INVAP","og_description":"Yesterday, Argentine President Cristina Fern\u00e1ndez de Kirchner officially inaugurated the North Shield Radarization plan, at Vicecomodoro \u00c1ngel de la Paz Aragon\u00e9s Airport of Santiago del Estero. Present at the ceremony were also the Governor of Santiago del Estero, Gerardo Zamora; the Ministers of Defense Nilda C. Garr\u00e9; of Home Affairs, An\u00edbal Florencio Randazzo and the... View Article","og_url":"https:\/\/www.invap.com.ar\/en\/launching-of-the-north-shield-program\/","og_site_name":"INVAP","article_publisher":"https:\/\/www.facebook.com\/INVAP","article_published_time":"2011-07-21T03:00:00+00:00","og_image":[{"width":728,"height":550,"url":"https:\/\/www.invap.com.ar\/wp-content\/uploads\/2011\/07\/met-6.jpg","type":"image\/jpeg"}],"author":"Invasor Diagonal","twitter_card":"summary_large_image","twitter_creator":"@invapargentina","twitter_site":"@invapargentina","twitter_misc":{"Written by":"Invasor Diagonal","Est. reading time":"1 minute"},"schema":{"@context":"https:\/\/schema.org","@graph":[{"@type":"Article","@id":"https:\/\/www.invap.com.ar\/en\/launching-of-the-north-shield-program\/#article","isPartOf":{"@id":"https:\/\/www.invap.com.ar\/en\/launching-of-the-north-shield-program\/"},"author":{"name":"Invasor Diagonal","@id":"https:\/\/www.invap.com.ar\/en\/#\/schema\/person\/e0ede1e0b418894f10f6937028b6a3a5"},"headline":"Launching of the North Shield Program","datePublished":"2011-07-21T03:00:00+00:00","mainEntityOfPage":{"@id":"https:\/\/www.invap.com.ar\/en\/launching-of-the-north-shield-program\/"},"wordCount":289,"publisher":{"@id":"https:\/\/www.invap.com.ar\/en\/#organization"},"image":{"@id":"https:\/\/www.invap.com.ar\/en\/launching-of-the-north-shield-program\/#primaryimage"},"thumbnailUrl":"https:\/\/www.invap.com.ar\/wp-content\/uploads\/2011\/07\/met-6.jpg","articleSection":["News"],"inLanguage":"en-US"},{"@type":"WebPage","@id":"https:\/\/www.invap.com.ar\/en\/launching-of-the-north-shield-program\/","url":"https:\/\/www.invap.com.ar\/en\/launching-of-the-north-shield-program\/","name":"Launching of the North Shield Program | INVAP","isPartOf":{"@id":"https:\/\/www.invap.com.ar\/en\/#website"},"primaryImageOfPage":{"@id":"https:\/\/www.invap.com.ar\/en\/launching-of-the-north-shield-program\/#primaryimage"},"image":{"@id":"https:\/\/www.invap.com.ar\/en\/launching-of-the-north-shield-program\/#primaryimage"},"thumbnailUrl":"https:\/\/www.invap.com.ar\/wp-content\/uploads\/2011\/07\/met-6.jpg","datePublished":"2011-07-21T03:00:00+00:00","breadcrumb":{"@id":"https:\/\/www.invap.com.ar\/en\/launching-of-the-north-shield-program\/#breadcrumb"},"inLanguage":"en-US","potentialAction":[{"@type":"ReadAction","target":["https:\/\/www.invap.com.ar\/en\/launching-of-the-north-shield-program\/"]}]},{"@type":"ImageObject","inLanguage":"en-US","@id":"https:\/\/www.invap.com.ar\/en\/launching-of-the-north-shield-program\/#primaryimage","url":"https:\/\/www.invap.com.ar\/wp-content\/uploads\/2011\/07\/met-6.jpg","contentUrl":"https:\/\/www.invap.com.ar\/wp-content\/uploads\/2011\/07\/met-6.jpg","width":728,"height":550},{"@type":"BreadcrumbList","@id":"https:\/\/www.invap.com.ar\/en\/launching-of-the-north-shield-program\/#breadcrumb","itemListElement":[{"@type":"ListItem","position":1,"name":"Home","item":"https:\/\/www.invap.com.ar\/en\/"},{"@type":"ListItem","position":2,"name":"Launching of the North Shield Program"}]},{"@type":"WebSite","@id":"https:\/\/www.invap.com.ar\/en\/#website","url":"https:\/\/www.invap.com.ar\/en\/","name":"INVAP - Ciencia y tecnolog\u00eda argentina para el mundo","description":"Science, engineering and technological innovation from Argentina to the world.","publisher":{"@id":"https:\/\/www.invap.com.ar\/en\/#organization"},"alternateName":"INVAP","potentialAction":[{"@type":"SearchAction","target":{"@type":"EntryPoint","urlTemplate":"https:\/\/www.invap.com.ar\/en\/?s={search_term_string}"},"query-input":{"@type":"PropertyValueSpecification","valueRequired":true,"valueName":"search_term_string"}}],"inLanguage":"en-US"},{"@type":"Organization","@id":"https:\/\/www.invap.com.ar\/en\/#organization","name":"INVAP - Ciencia y tecnolog\u00eda argentina para el mundo","alternateName":"INVAP","url":"https:\/\/www.invap.com.ar\/en\/","logo":{"@type":"ImageObject","inLanguage":"en-US","@id":"https:\/\/www.invap.com.ar\/en\/#\/schema\/logo\/image\/","url":"https:\/\/www.invap.com.ar\/wp-content\/uploads\/2026\/03\/LOGO-INVAP-696-YOAST.png","contentUrl":"https:\/\/www.invap.com.ar\/wp-content\/uploads\/2026\/03\/LOGO-INVAP-696-YOAST.png","width":696,"height":696,"caption":"INVAP - Ciencia y tecnolog\u00eda argentina para el mundo"},"image":{"@id":"https:\/\/www.invap.com.ar\/en\/#\/schema\/logo\/image\/"},"sameAs":["https:\/\/www.facebook.com\/INVAP","https:\/\/x.com\/invapargentina","https:\/\/www.linkedin.com\/company\/invap","https:\/\/www.instagram.com\/invapargentina","https:\/\/www.tiktok.com\/@invapargentina","https:\/\/www.youtube.com\/user\/invapin","https:\/\/es.wikipedia.org\/wiki\/INVAP"]},{"@type":"Person","@id":"https:\/\/www.invap.com.ar\/en\/#\/schema\/person\/e0ede1e0b418894f10f6937028b6a3a5","name":"Invasor Diagonal"}]}},"_links":{"self":[{"href":"https:\/\/www.invap.com.ar\/en\/wp-json\/wp\/v2\/posts\/6033","targetHints":{"allow":["GET"]}}],"collection":[{"href":"https:\/\/www.invap.com.ar\/en\/wp-json\/wp\/v2\/posts"}],"about":[{"href":"https:\/\/www.invap.com.ar\/en\/wp-json\/wp\/v2\/types\/post"}],"author":[{"embeddable":true,"href":"https:\/\/www.invap.com.ar\/en\/wp-json\/wp\/v2\/users\/12"}],"replies":[{"embeddable":true,"href":"https:\/\/www.invap.com.ar\/en\/wp-json\/wp\/v2\/comments?post=6033"}],"version-history":[{"count":0,"href":"https:\/\/www.invap.com.ar\/en\/wp-json\/wp\/v2\/posts\/6033\/revisions"}],"wp:featuredmedia":[{"embeddable":true,"href":"https:\/\/www.invap.com.ar\/en\/wp-json\/wp\/v2\/media\/9114"}],"wp:attachment":[{"href":"https:\/\/www.invap.com.ar\/en\/wp-json\/wp\/v2\/media?parent=6033"}],"wp:term":[{"taxonomy":"category","embeddable":true,"href":"https:\/\/www.invap.com.ar\/en\/wp-json\/wp\/v2\/categories?post=6033"},{"taxonomy":"post_tag","embeddable":true,"href":"https:\/\/www.invap.com.ar\/en\/wp-json\/wp\/v2\/tags?post=6033"}],"curies":[{"name":"wp","href":"https:\/\/api.w.org\/{rel}","templated":true}]}}