{"id":6124,"date":"2014-09-04T00:00:00","date_gmt":"2014-09-04T03:00:00","guid":{"rendered":"http:\/\/dwinvap.com.ar\/2014\/09\/04\/invap-took-part-in-the-first-meeting-of-ciecti-experts-committee\/"},"modified":"2014-09-04T00:00:00","modified_gmt":"2014-09-04T03:00:00","slug":"invap-took-part-in-the-first-meeting-of-ciecti-experts-committee","status":"publish","type":"post","link":"https:\/\/www.invap.com.ar\/en\/invap-took-part-in-the-first-meeting-of-ciecti-experts-committee\/","title":{"rendered":"INVAP took part in the first meeting of CIECTI experts\u2019 committee"},"content":{"rendered":"<p>The experts&#8217; committee integrating the Interdisciplinary Center of Studies on Science, Technology and Innovation (CIECTI, in Spanish) was welcomed this afternoon by the Minister of Science, Technology and Productive Innovation, Dr. Lino Bara\u00f1ao, and the Secretary of Planning and Policies, Dr. Ruth Ladenheim, to officially introduce the CIECTI and deal with the main objectives and guidelines of the project.<\/p>\n<p>The aim of this Center is to reinforce the process of planning, designing and policy-making as regards science, technology and innovation. In this respect, it is intended to contribute to the design, implementation and evaluation of science, technology and innovation policies and organizations through interdisciplinary research and the development of institutional ways and professional skills, within a context of dialog and public-private agreements.<\/p>\n<p>During the meeting, Dr. Bara\u00f1ao stated: \u201cWe want to think on the long term. I believe that the aims of this Center have to be set with a national viewpoint and a local perspective in mind.\u201d In line with this, he remarked that \u201cabstract methods are not useful if the territory is not taken into account; that is the reason why social sciences are so important.\u201d<\/p>\n<p>On her part, the Secretary of Planning maintained: \u201cThe idea regarding the Interdisciplinary Center of Studies on Science, Technology and Innovation now being created within the Ministry is that it should meet the demands of the productive sector. Besides, it is expected to foster the level of inclusive innovation in our country.\u201d<\/p>\n<p>The role of the experts&#8217; committee is to constantly advise the CIECTI during its transition period until it is definitively established, validate proper procedures for working and researching, participate in the selection and\/or evaluation of research projects promoted through its intervention, and help to integrate and legitimize the Center within the National System of Science, Technology and Innovation.<\/p>\n<p>Members of the committee are Eduardo Charreau, Senior Researcher of the National Scientific and Technical Research Council (CONICET, in Spanish); Dora Barrancos, Chief Researcher of the CONICET; H\u00e9ctor Otheguy, General Manager of INVAP S.E. (Argentine state-owned applied research company); Rosal\u00eda Cort\u00e9s, academic member of the Latin American School of Social Sciences (FLACSO, in Spanish); Alejandro Grimson, academic member of the National University of San Mart\u00edn (UNSAM, in Spanish), and the well-known economist Aldo Ferrer.<\/p>\n<p>The meeting was also attended by representatives of the organizations that formed the founding consortium of CIECTI: Miguel Lengyel, from FLACSO; Fernando Porta, from the National University of Quilmes (UNQUI, in Spanish); Gabriel Yoguel, from the National University of General Sarmiento (UNGS, in Spanish), and Lic. Jorge Robbio, Under Secretary of Studies and Prospective Technology depending on the Ministry of Science.<\/p>\n<p><strong>SOURCE<\/strong><br \/><a href=\"http:\/\/www.mincyt.gob.ar\/noticias\/primera-reunion-del-comite-de-expertos-del-ciecti-10375\" target=\"_blank\" rel=\"noopener noreferrer\"><strong>Ministry of Federal Planning, Investment and Services<\/strong><\/a><\/p>\n","protected":false},"excerpt":{"rendered":"The experts&#8217; committee integrating the Interdisciplinary Center of Studies on Science, Technology and Innovation (CIECTI, in Spanish) was welcomed this afternoon by the Minister of Science, Technology and Productive Innovation, Dr. Lino Bara\u00f1ao, and the Secretary of Planning and Policies, Dr. Ruth Ladenheim, to officially introduce the CIECTI and deal with the main objectives and&#8230; <a class=\"view-article\" href=\"https:\/\/www.invap.com.ar\/en\/invap-took-part-in-the-first-meeting-of-ciecti-experts-committee\/\">View Article<\/a>","protected":false},"author":12,"featured_media":9309,"comment_status":"closed","ping_status":"closed","sticky":false,"template":"","format":"standard","meta":{"_acf_changed":false,"footnotes":""},"categories":[24],"tags":[],"class_list":["post-6124","post","type-post","status-publish","format-standard","has-post-thumbnail","hentry","category-all-news"],"acf":[],"yoast_head":"<!-- This site is optimized with the Yoast SEO plugin v27.2 - https:\/\/yoast.com\/product\/yoast-seo-wordpress\/ -->\n<title>INVAP took part in the first meeting of CIECTI experts\u2019 committee | INVAP<\/title>\n<meta name=\"robots\" content=\"index, follow, max-snippet:-1, max-image-preview:large, max-video-preview:-1\" \/>\n<link rel=\"canonical\" href=\"https:\/\/www.invap.com.ar\/en\/invap-took-part-in-the-first-meeting-of-ciecti-experts-committee\/\" \/>\n<meta property=\"og:locale\" content=\"en_US\" \/>\n<meta property=\"og:type\" content=\"article\" \/>\n<meta property=\"og:title\" content=\"INVAP took part in the first meeting of CIECTI experts\u2019 committee | INVAP\" \/>\n<meta property=\"og:description\" content=\"The experts&#8217; committee integrating the Interdisciplinary Center of Studies on Science, Technology and Innovation (CIECTI, in Spanish) was welcomed this afternoon by the Minister of Science, Technology and Productive Innovation, Dr. Lino Bara\u00f1ao, and the Secretary of Planning and Policies, Dr. Ruth Ladenheim, to officially introduce the CIECTI and deal with the main objectives and... View Article\" \/>\n<meta property=\"og:url\" content=\"https:\/\/www.invap.com.ar\/en\/invap-took-part-in-the-first-meeting-of-ciecti-experts-committee\/\" \/>\n<meta property=\"og:site_name\" content=\"INVAP\" \/>\n<meta property=\"article:publisher\" content=\"https:\/\/www.facebook.com\/INVAP\" \/>\n<meta property=\"article:published_time\" content=\"2014-09-04T03:00:00+00:00\" \/>\n<meta property=\"og:image\" content=\"https:\/\/www.invap.com.ar\/wp-content\/uploads\/2014\/09\/ciecti-7.jpg\" \/>\n\t<meta property=\"og:image:width\" content=\"902\" \/>\n\t<meta property=\"og:image:height\" content=\"550\" \/>\n\t<meta property=\"og:image:type\" content=\"image\/jpeg\" \/>\n<meta name=\"author\" content=\"Invasor Diagonal\" \/>\n<meta name=\"twitter:card\" content=\"summary_large_image\" \/>\n<meta name=\"twitter:creator\" content=\"@invapargentina\" \/>\n<meta name=\"twitter:site\" content=\"@invapargentina\" \/>\n<meta name=\"twitter:label1\" content=\"Written by\" \/>\n\t<meta name=\"twitter:data1\" content=\"Invasor Diagonal\" \/>\n\t<meta name=\"twitter:label2\" content=\"Est. reading time\" \/>\n\t<meta name=\"twitter:data2\" content=\"2 minutes\" \/>\n<script type=\"application\/ld+json\" class=\"yoast-schema-graph\">{\"@context\":\"https:\/\/schema.org\",\"@graph\":[{\"@type\":\"Article\",\"@id\":\"https:\/\/www.invap.com.ar\/en\/invap-took-part-in-the-first-meeting-of-ciecti-experts-committee\/#article\",\"isPartOf\":{\"@id\":\"https:\/\/www.invap.com.ar\/en\/invap-took-part-in-the-first-meeting-of-ciecti-experts-committee\/\"},\"author\":{\"name\":\"Invasor Diagonal\",\"@id\":\"https:\/\/www.invap.com.ar\/en\/#\/schema\/person\/e0ede1e0b418894f10f6937028b6a3a5\"},\"headline\":\"INVAP took part in the first meeting of CIECTI experts\u2019 committee\",\"datePublished\":\"2014-09-04T03:00:00+00:00\",\"mainEntityOfPage\":{\"@id\":\"https:\/\/www.invap.com.ar\/en\/invap-took-part-in-the-first-meeting-of-ciecti-experts-committee\/\"},\"wordCount\":460,\"publisher\":{\"@id\":\"https:\/\/www.invap.com.ar\/en\/#organization\"},\"image\":{\"@id\":\"https:\/\/www.invap.com.ar\/en\/invap-took-part-in-the-first-meeting-of-ciecti-experts-committee\/#primaryimage\"},\"thumbnailUrl\":\"https:\/\/www.invap.com.ar\/wp-content\/uploads\/2014\/09\/ciecti-7.jpg\",\"articleSection\":[\"News\"],\"inLanguage\":\"en-US\"},{\"@type\":\"WebPage\",\"@id\":\"https:\/\/www.invap.com.ar\/en\/invap-took-part-in-the-first-meeting-of-ciecti-experts-committee\/\",\"url\":\"https:\/\/www.invap.com.ar\/en\/invap-took-part-in-the-first-meeting-of-ciecti-experts-committee\/\",\"name\":\"INVAP took part in the first meeting of CIECTI experts\u2019 committee | INVAP\",\"isPartOf\":{\"@id\":\"https:\/\/www.invap.com.ar\/en\/#website\"},\"primaryImageOfPage\":{\"@id\":\"https:\/\/www.invap.com.ar\/en\/invap-took-part-in-the-first-meeting-of-ciecti-experts-committee\/#primaryimage\"},\"image\":{\"@id\":\"https:\/\/www.invap.com.ar\/en\/invap-took-part-in-the-first-meeting-of-ciecti-experts-committee\/#primaryimage\"},\"thumbnailUrl\":\"https:\/\/www.invap.com.ar\/wp-content\/uploads\/2014\/09\/ciecti-7.jpg\",\"datePublished\":\"2014-09-04T03:00:00+00:00\",\"breadcrumb\":{\"@id\":\"https:\/\/www.invap.com.ar\/en\/invap-took-part-in-the-first-meeting-of-ciecti-experts-committee\/#breadcrumb\"},\"inLanguage\":\"en-US\",\"potentialAction\":[{\"@type\":\"ReadAction\",\"target\":[\"https:\/\/www.invap.com.ar\/en\/invap-took-part-in-the-first-meeting-of-ciecti-experts-committee\/\"]}]},{\"@type\":\"ImageObject\",\"inLanguage\":\"en-US\",\"@id\":\"https:\/\/www.invap.com.ar\/en\/invap-took-part-in-the-first-meeting-of-ciecti-experts-committee\/#primaryimage\",\"url\":\"https:\/\/www.invap.com.ar\/wp-content\/uploads\/2014\/09\/ciecti-7.jpg\",\"contentUrl\":\"https:\/\/www.invap.com.ar\/wp-content\/uploads\/2014\/09\/ciecti-7.jpg\",\"width\":902,\"height\":550},{\"@type\":\"BreadcrumbList\",\"@id\":\"https:\/\/www.invap.com.ar\/en\/invap-took-part-in-the-first-meeting-of-ciecti-experts-committee\/#breadcrumb\",\"itemListElement\":[{\"@type\":\"ListItem\",\"position\":1,\"name\":\"Home\",\"item\":\"https:\/\/www.invap.com.ar\/en\/\"},{\"@type\":\"ListItem\",\"position\":2,\"name\":\"INVAP took part in the first meeting of CIECTI experts\u2019 committee\"}]},{\"@type\":\"WebSite\",\"@id\":\"https:\/\/www.invap.com.ar\/en\/#website\",\"url\":\"https:\/\/www.invap.com.ar\/en\/\",\"name\":\"INVAP - Ciencia y tecnolog\u00eda argentina para el mundo\",\"description\":\"Science, engineering and technological innovation from Argentina to the world.\",\"publisher\":{\"@id\":\"https:\/\/www.invap.com.ar\/en\/#organization\"},\"alternateName\":\"INVAP\",\"potentialAction\":[{\"@type\":\"SearchAction\",\"target\":{\"@type\":\"EntryPoint\",\"urlTemplate\":\"https:\/\/www.invap.com.ar\/en\/?s={search_term_string}\"},\"query-input\":{\"@type\":\"PropertyValueSpecification\",\"valueRequired\":true,\"valueName\":\"search_term_string\"}}],\"inLanguage\":\"en-US\"},{\"@type\":\"Organization\",\"@id\":\"https:\/\/www.invap.com.ar\/en\/#organization\",\"name\":\"INVAP - Ciencia y tecnolog\u00eda argentina para el mundo\",\"alternateName\":\"INVAP\",\"url\":\"https:\/\/www.invap.com.ar\/en\/\",\"logo\":{\"@type\":\"ImageObject\",\"inLanguage\":\"en-US\",\"@id\":\"https:\/\/www.invap.com.ar\/en\/#\/schema\/logo\/image\/\",\"url\":\"https:\/\/www.invap.com.ar\/wp-content\/uploads\/2026\/03\/LOGO-INVAP-696-YOAST.png\",\"contentUrl\":\"https:\/\/www.invap.com.ar\/wp-content\/uploads\/2026\/03\/LOGO-INVAP-696-YOAST.png\",\"width\":696,\"height\":696,\"caption\":\"INVAP - Ciencia y tecnolog\u00eda argentina para el mundo\"},\"image\":{\"@id\":\"https:\/\/www.invap.com.ar\/en\/#\/schema\/logo\/image\/\"},\"sameAs\":[\"https:\/\/www.facebook.com\/INVAP\",\"https:\/\/x.com\/invapargentina\",\"https:\/\/www.linkedin.com\/company\/invap\",\"https:\/\/www.instagram.com\/invapargentina\",\"https:\/\/www.tiktok.com\/@invapargentina\",\"https:\/\/www.youtube.com\/user\/invapin\",\"https:\/\/es.wikipedia.org\/wiki\/INVAP\"]},{\"@type\":\"Person\",\"@id\":\"https:\/\/www.invap.com.ar\/en\/#\/schema\/person\/e0ede1e0b418894f10f6937028b6a3a5\",\"name\":\"Invasor Diagonal\"}]}<\/script>\n<!-- \/ Yoast SEO plugin. -->","yoast_head_json":{"title":"INVAP took part in the first meeting of CIECTI experts\u2019 committee | INVAP","robots":{"index":"index","follow":"follow","max-snippet":"max-snippet:-1","max-image-preview":"max-image-preview:large","max-video-preview":"max-video-preview:-1"},"canonical":"https:\/\/www.invap.com.ar\/en\/invap-took-part-in-the-first-meeting-of-ciecti-experts-committee\/","og_locale":"en_US","og_type":"article","og_title":"INVAP took part in the first meeting of CIECTI experts\u2019 committee | INVAP","og_description":"The experts&#8217; committee integrating the Interdisciplinary Center of Studies on Science, Technology and Innovation (CIECTI, in Spanish) was welcomed this afternoon by the Minister of Science, Technology and Productive Innovation, Dr. Lino Bara\u00f1ao, and the Secretary of Planning and Policies, Dr. Ruth Ladenheim, to officially introduce the CIECTI and deal with the main objectives and... View Article","og_url":"https:\/\/www.invap.com.ar\/en\/invap-took-part-in-the-first-meeting-of-ciecti-experts-committee\/","og_site_name":"INVAP","article_publisher":"https:\/\/www.facebook.com\/INVAP","article_published_time":"2014-09-04T03:00:00+00:00","og_image":[{"width":902,"height":550,"url":"https:\/\/www.invap.com.ar\/wp-content\/uploads\/2014\/09\/ciecti-7.jpg","type":"image\/jpeg"}],"author":"Invasor Diagonal","twitter_card":"summary_large_image","twitter_creator":"@invapargentina","twitter_site":"@invapargentina","twitter_misc":{"Written by":"Invasor Diagonal","Est. reading time":"2 minutes"},"schema":{"@context":"https:\/\/schema.org","@graph":[{"@type":"Article","@id":"https:\/\/www.invap.com.ar\/en\/invap-took-part-in-the-first-meeting-of-ciecti-experts-committee\/#article","isPartOf":{"@id":"https:\/\/www.invap.com.ar\/en\/invap-took-part-in-the-first-meeting-of-ciecti-experts-committee\/"},"author":{"name":"Invasor Diagonal","@id":"https:\/\/www.invap.com.ar\/en\/#\/schema\/person\/e0ede1e0b418894f10f6937028b6a3a5"},"headline":"INVAP took part in the first meeting of CIECTI experts\u2019 committee","datePublished":"2014-09-04T03:00:00+00:00","mainEntityOfPage":{"@id":"https:\/\/www.invap.com.ar\/en\/invap-took-part-in-the-first-meeting-of-ciecti-experts-committee\/"},"wordCount":460,"publisher":{"@id":"https:\/\/www.invap.com.ar\/en\/#organization"},"image":{"@id":"https:\/\/www.invap.com.ar\/en\/invap-took-part-in-the-first-meeting-of-ciecti-experts-committee\/#primaryimage"},"thumbnailUrl":"https:\/\/www.invap.com.ar\/wp-content\/uploads\/2014\/09\/ciecti-7.jpg","articleSection":["News"],"inLanguage":"en-US"},{"@type":"WebPage","@id":"https:\/\/www.invap.com.ar\/en\/invap-took-part-in-the-first-meeting-of-ciecti-experts-committee\/","url":"https:\/\/www.invap.com.ar\/en\/invap-took-part-in-the-first-meeting-of-ciecti-experts-committee\/","name":"INVAP took part in the first meeting of CIECTI experts\u2019 committee | INVAP","isPartOf":{"@id":"https:\/\/www.invap.com.ar\/en\/#website"},"primaryImageOfPage":{"@id":"https:\/\/www.invap.com.ar\/en\/invap-took-part-in-the-first-meeting-of-ciecti-experts-committee\/#primaryimage"},"image":{"@id":"https:\/\/www.invap.com.ar\/en\/invap-took-part-in-the-first-meeting-of-ciecti-experts-committee\/#primaryimage"},"thumbnailUrl":"https:\/\/www.invap.com.ar\/wp-content\/uploads\/2014\/09\/ciecti-7.jpg","datePublished":"2014-09-04T03:00:00+00:00","breadcrumb":{"@id":"https:\/\/www.invap.com.ar\/en\/invap-took-part-in-the-first-meeting-of-ciecti-experts-committee\/#breadcrumb"},"inLanguage":"en-US","potentialAction":[{"@type":"ReadAction","target":["https:\/\/www.invap.com.ar\/en\/invap-took-part-in-the-first-meeting-of-ciecti-experts-committee\/"]}]},{"@type":"ImageObject","inLanguage":"en-US","@id":"https:\/\/www.invap.com.ar\/en\/invap-took-part-in-the-first-meeting-of-ciecti-experts-committee\/#primaryimage","url":"https:\/\/www.invap.com.ar\/wp-content\/uploads\/2014\/09\/ciecti-7.jpg","contentUrl":"https:\/\/www.invap.com.ar\/wp-content\/uploads\/2014\/09\/ciecti-7.jpg","width":902,"height":550},{"@type":"BreadcrumbList","@id":"https:\/\/www.invap.com.ar\/en\/invap-took-part-in-the-first-meeting-of-ciecti-experts-committee\/#breadcrumb","itemListElement":[{"@type":"ListItem","position":1,"name":"Home","item":"https:\/\/www.invap.com.ar\/en\/"},{"@type":"ListItem","position":2,"name":"INVAP took part in the first meeting of CIECTI experts\u2019 committee"}]},{"@type":"WebSite","@id":"https:\/\/www.invap.com.ar\/en\/#website","url":"https:\/\/www.invap.com.ar\/en\/","name":"INVAP - Ciencia y tecnolog\u00eda argentina para el mundo","description":"Science, engineering and technological innovation from Argentina to the world.","publisher":{"@id":"https:\/\/www.invap.com.ar\/en\/#organization"},"alternateName":"INVAP","potentialAction":[{"@type":"SearchAction","target":{"@type":"EntryPoint","urlTemplate":"https:\/\/www.invap.com.ar\/en\/?s={search_term_string}"},"query-input":{"@type":"PropertyValueSpecification","valueRequired":true,"valueName":"search_term_string"}}],"inLanguage":"en-US"},{"@type":"Organization","@id":"https:\/\/www.invap.com.ar\/en\/#organization","name":"INVAP - Ciencia y tecnolog\u00eda argentina para el mundo","alternateName":"INVAP","url":"https:\/\/www.invap.com.ar\/en\/","logo":{"@type":"ImageObject","inLanguage":"en-US","@id":"https:\/\/www.invap.com.ar\/en\/#\/schema\/logo\/image\/","url":"https:\/\/www.invap.com.ar\/wp-content\/uploads\/2026\/03\/LOGO-INVAP-696-YOAST.png","contentUrl":"https:\/\/www.invap.com.ar\/wp-content\/uploads\/2026\/03\/LOGO-INVAP-696-YOAST.png","width":696,"height":696,"caption":"INVAP - Ciencia y tecnolog\u00eda argentina para el mundo"},"image":{"@id":"https:\/\/www.invap.com.ar\/en\/#\/schema\/logo\/image\/"},"sameAs":["https:\/\/www.facebook.com\/INVAP","https:\/\/x.com\/invapargentina","https:\/\/www.linkedin.com\/company\/invap","https:\/\/www.instagram.com\/invapargentina","https:\/\/www.tiktok.com\/@invapargentina","https:\/\/www.youtube.com\/user\/invapin","https:\/\/es.wikipedia.org\/wiki\/INVAP"]},{"@type":"Person","@id":"https:\/\/www.invap.com.ar\/en\/#\/schema\/person\/e0ede1e0b418894f10f6937028b6a3a5","name":"Invasor Diagonal"}]}},"_links":{"self":[{"href":"https:\/\/www.invap.com.ar\/en\/wp-json\/wp\/v2\/posts\/6124","targetHints":{"allow":["GET"]}}],"collection":[{"href":"https:\/\/www.invap.com.ar\/en\/wp-json\/wp\/v2\/posts"}],"about":[{"href":"https:\/\/www.invap.com.ar\/en\/wp-json\/wp\/v2\/types\/post"}],"author":[{"embeddable":true,"href":"https:\/\/www.invap.com.ar\/en\/wp-json\/wp\/v2\/users\/12"}],"replies":[{"embeddable":true,"href":"https:\/\/www.invap.com.ar\/en\/wp-json\/wp\/v2\/comments?post=6124"}],"version-history":[{"count":0,"href":"https:\/\/www.invap.com.ar\/en\/wp-json\/wp\/v2\/posts\/6124\/revisions"}],"wp:featuredmedia":[{"embeddable":true,"href":"https:\/\/www.invap.com.ar\/en\/wp-json\/wp\/v2\/media\/9309"}],"wp:attachment":[{"href":"https:\/\/www.invap.com.ar\/en\/wp-json\/wp\/v2\/media?parent=6124"}],"wp:term":[{"taxonomy":"category","embeddable":true,"href":"https:\/\/www.invap.com.ar\/en\/wp-json\/wp\/v2\/categories?post=6124"},{"taxonomy":"post_tag","embeddable":true,"href":"https:\/\/www.invap.com.ar\/en\/wp-json\/wp\/v2\/tags?post=6124"}],"curies":[{"name":"wp","href":"https:\/\/api.w.org\/{rel}","templated":true}]}}