{"id":6297,"date":"2018-12-10T00:00:00","date_gmt":"2018-12-10T03:00:00","guid":{"rendered":"http:\/\/dwinvap.com.ar\/2018\/12\/10\/the-president-of-invap-was-distinguished-as-personality-of-the-year\/"},"modified":"2018-12-10T00:00:00","modified_gmt":"2018-12-10T03:00:00","slug":"the-president-of-invap-was-distinguished-as-personality-of-the-year","status":"publish","type":"post","link":"https:\/\/www.invap.com.ar\/en\/the-president-of-invap-was-distinguished-as-personality-of-the-year\/","title":{"rendered":"The President of INVAP was distinguished as Personality of the Year"},"content":{"rendered":"<p> On December 3, Lic. H\u00e9ctor Otheguy, President of the Board of Directors of INVAP S.E., was distinguished as one of &#8220;The 10 Argentinians of the Year.&#8221; The award is given annually by Noticias magazine.<\/p>\n<p>The event, in which the most important Spanish-language magazine awards ten outstanding personalities of the year, was presided over by Edi Zunino, its editor-in-chief, and was held at the Buenos Aires Museum of Latin American Art (MALBA, in Spanish).&nbsp;<\/p>\n<p> The areas selected for the award were: science, journalism, business, social action, sports, new media, culture, music, politics and television. On this occasion, Delfina Pignatiello (sportswoman), Diego Cabot (journalist), Alexia Rattazzi (child psychiatrist), Luis Pagani (businessman), Lali Esp\u00f3sito (musician), Hecatombe (a group of humorists), Claudia Pi\u00f1eiro (writer), Carolina Stanley (politician), Miguel \u00c1ngel Pichetto (politician) and Carla Petterson (actress) shared the recognition with our President. Besides, Estela de Carlotto received a special recognition for her 35 years of democratic endeavor.&nbsp;<\/p>\n<p> The award was presented to Lic. Otheguy by Dr. Conrado Varotto, a founding member of INVAP, and Dr. Lino Bara\u00f1ao, National Secretary of Science and Technology. &nbsp;<em>\u201cTo get this recognition is a great joy and I receive it on behalf of the 1,300 people who work at INVAP every day. I also extend my gratitude to our families,\u201d <\/em>said Otheguy upon receiving the prize. <em>\u201cINVAP is much more than a company, much more than a state-owned company, it is also an example that it is possible to be united in diversity, to innovate and create, to conquer the world with our work capacity and with Argentine intelligence,\u201d<\/em> he added.&nbsp;<\/p>\n","protected":false},"excerpt":{"rendered":"On December 3, Lic. H\u00e9ctor Otheguy, President of the Board of Directors of INVAP S.E., was distinguished as one of &#8220;The 10 Argentinians of the Year.&#8221; The award is given annually by Noticias magazine. The event, in which the most important Spanish-language magazine awards ten outstanding personalities of the year, was presided over by Edi&#8230; <a class=\"view-article\" href=\"https:\/\/www.invap.com.ar\/en\/the-president-of-invap-was-distinguished-as-personality-of-the-year\/\">View Article<\/a>","protected":false},"author":12,"featured_media":8524,"comment_status":"closed","ping_status":"closed","sticky":false,"template":"","format":"standard","meta":{"_acf_changed":false,"footnotes":""},"categories":[24],"tags":[],"class_list":["post-6297","post","type-post","status-publish","format-standard","has-post-thumbnail","hentry","category-all-news"],"acf":[],"yoast_head":"<!-- This site is optimized with the Yoast SEO plugin v27.2 - https:\/\/yoast.com\/product\/yoast-seo-wordpress\/ -->\n<title>The President of INVAP was distinguished as Personality of the Year | INVAP<\/title>\n<meta name=\"robots\" content=\"index, follow, max-snippet:-1, max-image-preview:large, max-video-preview:-1\" \/>\n<link rel=\"canonical\" href=\"https:\/\/www.invap.com.ar\/en\/the-president-of-invap-was-distinguished-as-personality-of-the-year\/\" \/>\n<meta property=\"og:locale\" content=\"en_US\" \/>\n<meta property=\"og:type\" content=\"article\" \/>\n<meta property=\"og:title\" content=\"The President of INVAP was distinguished as Personality of the Year | INVAP\" \/>\n<meta property=\"og:description\" content=\"On December 3, Lic. H\u00e9ctor Otheguy, President of the Board of Directors of INVAP S.E., was distinguished as one of &#8220;The 10 Argentinians of the Year.&#8221; The award is given annually by Noticias magazine. The event, in which the most important Spanish-language magazine awards ten outstanding personalities of the year, was presided over by Edi... View Article\" \/>\n<meta property=\"og:url\" content=\"https:\/\/www.invap.com.ar\/en\/the-president-of-invap-was-distinguished-as-personality-of-the-year\/\" \/>\n<meta property=\"og:site_name\" content=\"INVAP\" \/>\n<meta property=\"article:publisher\" content=\"https:\/\/www.facebook.com\/INVAP\" \/>\n<meta property=\"article:published_time\" content=\"2018-12-10T03:00:00+00:00\" \/>\n<meta property=\"og:image\" content=\"https:\/\/www.invap.com.ar\/wp-content\/uploads\/2018\/12\/2018-12-03-Los-Diez-Argentinos-del-Ao-Revista-Noticias-4.jpg\" \/>\n\t<meta property=\"og:image:width\" content=\"1200\" \/>\n\t<meta property=\"og:image:height\" content=\"800\" \/>\n\t<meta property=\"og:image:type\" content=\"image\/jpeg\" \/>\n<meta name=\"author\" content=\"Invasor Diagonal\" \/>\n<meta name=\"twitter:card\" content=\"summary_large_image\" \/>\n<meta name=\"twitter:creator\" content=\"@invapargentina\" \/>\n<meta name=\"twitter:site\" content=\"@invapargentina\" \/>\n<meta name=\"twitter:label1\" content=\"Written by\" \/>\n\t<meta name=\"twitter:data1\" content=\"Invasor Diagonal\" \/>\n\t<meta name=\"twitter:label2\" content=\"Est. reading time\" \/>\n\t<meta name=\"twitter:data2\" content=\"1 minute\" \/>\n<script type=\"application\/ld+json\" class=\"yoast-schema-graph\">{\"@context\":\"https:\/\/schema.org\",\"@graph\":[{\"@type\":\"Article\",\"@id\":\"https:\/\/www.invap.com.ar\/en\/the-president-of-invap-was-distinguished-as-personality-of-the-year\/#article\",\"isPartOf\":{\"@id\":\"https:\/\/www.invap.com.ar\/en\/the-president-of-invap-was-distinguished-as-personality-of-the-year\/\"},\"author\":{\"name\":\"Invasor Diagonal\",\"@id\":\"https:\/\/www.invap.com.ar\/en\/#\/schema\/person\/e0ede1e0b418894f10f6937028b6a3a5\"},\"headline\":\"The President of INVAP was distinguished as Personality of the Year\",\"datePublished\":\"2018-12-10T03:00:00+00:00\",\"mainEntityOfPage\":{\"@id\":\"https:\/\/www.invap.com.ar\/en\/the-president-of-invap-was-distinguished-as-personality-of-the-year\/\"},\"wordCount\":277,\"publisher\":{\"@id\":\"https:\/\/www.invap.com.ar\/en\/#organization\"},\"image\":{\"@id\":\"https:\/\/www.invap.com.ar\/en\/the-president-of-invap-was-distinguished-as-personality-of-the-year\/#primaryimage\"},\"thumbnailUrl\":\"https:\/\/www.invap.com.ar\/wp-content\/uploads\/2018\/12\/2018-12-03-Los-Diez-Argentinos-del-Ao-Revista-Noticias-4.jpg\",\"articleSection\":[\"News\"],\"inLanguage\":\"en-US\"},{\"@type\":\"WebPage\",\"@id\":\"https:\/\/www.invap.com.ar\/en\/the-president-of-invap-was-distinguished-as-personality-of-the-year\/\",\"url\":\"https:\/\/www.invap.com.ar\/en\/the-president-of-invap-was-distinguished-as-personality-of-the-year\/\",\"name\":\"The President of INVAP was distinguished as Personality of the Year | INVAP\",\"isPartOf\":{\"@id\":\"https:\/\/www.invap.com.ar\/en\/#website\"},\"primaryImageOfPage\":{\"@id\":\"https:\/\/www.invap.com.ar\/en\/the-president-of-invap-was-distinguished-as-personality-of-the-year\/#primaryimage\"},\"image\":{\"@id\":\"https:\/\/www.invap.com.ar\/en\/the-president-of-invap-was-distinguished-as-personality-of-the-year\/#primaryimage\"},\"thumbnailUrl\":\"https:\/\/www.invap.com.ar\/wp-content\/uploads\/2018\/12\/2018-12-03-Los-Diez-Argentinos-del-Ao-Revista-Noticias-4.jpg\",\"datePublished\":\"2018-12-10T03:00:00+00:00\",\"breadcrumb\":{\"@id\":\"https:\/\/www.invap.com.ar\/en\/the-president-of-invap-was-distinguished-as-personality-of-the-year\/#breadcrumb\"},\"inLanguage\":\"en-US\",\"potentialAction\":[{\"@type\":\"ReadAction\",\"target\":[\"https:\/\/www.invap.com.ar\/en\/the-president-of-invap-was-distinguished-as-personality-of-the-year\/\"]}]},{\"@type\":\"ImageObject\",\"inLanguage\":\"en-US\",\"@id\":\"https:\/\/www.invap.com.ar\/en\/the-president-of-invap-was-distinguished-as-personality-of-the-year\/#primaryimage\",\"url\":\"https:\/\/www.invap.com.ar\/wp-content\/uploads\/2018\/12\/2018-12-03-Los-Diez-Argentinos-del-Ao-Revista-Noticias-4.jpg\",\"contentUrl\":\"https:\/\/www.invap.com.ar\/wp-content\/uploads\/2018\/12\/2018-12-03-Los-Diez-Argentinos-del-Ao-Revista-Noticias-4.jpg\",\"width\":1200,\"height\":800},{\"@type\":\"BreadcrumbList\",\"@id\":\"https:\/\/www.invap.com.ar\/en\/the-president-of-invap-was-distinguished-as-personality-of-the-year\/#breadcrumb\",\"itemListElement\":[{\"@type\":\"ListItem\",\"position\":1,\"name\":\"Home\",\"item\":\"https:\/\/www.invap.com.ar\/en\/\"},{\"@type\":\"ListItem\",\"position\":2,\"name\":\"The President of INVAP was distinguished as Personality of the Year\"}]},{\"@type\":\"WebSite\",\"@id\":\"https:\/\/www.invap.com.ar\/en\/#website\",\"url\":\"https:\/\/www.invap.com.ar\/en\/\",\"name\":\"INVAP - Ciencia y tecnolog\u00eda argentina para el mundo\",\"description\":\"Science, engineering and technological innovation from Argentina to the world.\",\"publisher\":{\"@id\":\"https:\/\/www.invap.com.ar\/en\/#organization\"},\"alternateName\":\"INVAP\",\"potentialAction\":[{\"@type\":\"SearchAction\",\"target\":{\"@type\":\"EntryPoint\",\"urlTemplate\":\"https:\/\/www.invap.com.ar\/en\/?s={search_term_string}\"},\"query-input\":{\"@type\":\"PropertyValueSpecification\",\"valueRequired\":true,\"valueName\":\"search_term_string\"}}],\"inLanguage\":\"en-US\"},{\"@type\":\"Organization\",\"@id\":\"https:\/\/www.invap.com.ar\/en\/#organization\",\"name\":\"INVAP - Ciencia y tecnolog\u00eda argentina para el mundo\",\"alternateName\":\"INVAP\",\"url\":\"https:\/\/www.invap.com.ar\/en\/\",\"logo\":{\"@type\":\"ImageObject\",\"inLanguage\":\"en-US\",\"@id\":\"https:\/\/www.invap.com.ar\/en\/#\/schema\/logo\/image\/\",\"url\":\"https:\/\/www.invap.com.ar\/wp-content\/uploads\/2026\/03\/LOGO-INVAP-696-YOAST.png\",\"contentUrl\":\"https:\/\/www.invap.com.ar\/wp-content\/uploads\/2026\/03\/LOGO-INVAP-696-YOAST.png\",\"width\":696,\"height\":696,\"caption\":\"INVAP - Ciencia y tecnolog\u00eda argentina para el mundo\"},\"image\":{\"@id\":\"https:\/\/www.invap.com.ar\/en\/#\/schema\/logo\/image\/\"},\"sameAs\":[\"https:\/\/www.facebook.com\/INVAP\",\"https:\/\/x.com\/invapargentina\",\"https:\/\/www.linkedin.com\/company\/invap\",\"https:\/\/www.instagram.com\/invapargentina\",\"https:\/\/www.tiktok.com\/@invapargentina\",\"https:\/\/www.youtube.com\/user\/invapin\",\"https:\/\/es.wikipedia.org\/wiki\/INVAP\"]},{\"@type\":\"Person\",\"@id\":\"https:\/\/www.invap.com.ar\/en\/#\/schema\/person\/e0ede1e0b418894f10f6937028b6a3a5\",\"name\":\"Invasor Diagonal\"}]}<\/script>\n<!-- \/ Yoast SEO plugin. -->","yoast_head_json":{"title":"The President of INVAP was distinguished as Personality of the Year | INVAP","robots":{"index":"index","follow":"follow","max-snippet":"max-snippet:-1","max-image-preview":"max-image-preview:large","max-video-preview":"max-video-preview:-1"},"canonical":"https:\/\/www.invap.com.ar\/en\/the-president-of-invap-was-distinguished-as-personality-of-the-year\/","og_locale":"en_US","og_type":"article","og_title":"The President of INVAP was distinguished as Personality of the Year | INVAP","og_description":"On December 3, Lic. H\u00e9ctor Otheguy, President of the Board of Directors of INVAP S.E., was distinguished as one of &#8220;The 10 Argentinians of the Year.&#8221; The award is given annually by Noticias magazine. The event, in which the most important Spanish-language magazine awards ten outstanding personalities of the year, was presided over by Edi... View Article","og_url":"https:\/\/www.invap.com.ar\/en\/the-president-of-invap-was-distinguished-as-personality-of-the-year\/","og_site_name":"INVAP","article_publisher":"https:\/\/www.facebook.com\/INVAP","article_published_time":"2018-12-10T03:00:00+00:00","og_image":[{"width":1200,"height":800,"url":"https:\/\/www.invap.com.ar\/wp-content\/uploads\/2018\/12\/2018-12-03-Los-Diez-Argentinos-del-Ao-Revista-Noticias-4.jpg","type":"image\/jpeg"}],"author":"Invasor Diagonal","twitter_card":"summary_large_image","twitter_creator":"@invapargentina","twitter_site":"@invapargentina","twitter_misc":{"Written by":"Invasor Diagonal","Est. reading time":"1 minute"},"schema":{"@context":"https:\/\/schema.org","@graph":[{"@type":"Article","@id":"https:\/\/www.invap.com.ar\/en\/the-president-of-invap-was-distinguished-as-personality-of-the-year\/#article","isPartOf":{"@id":"https:\/\/www.invap.com.ar\/en\/the-president-of-invap-was-distinguished-as-personality-of-the-year\/"},"author":{"name":"Invasor Diagonal","@id":"https:\/\/www.invap.com.ar\/en\/#\/schema\/person\/e0ede1e0b418894f10f6937028b6a3a5"},"headline":"The President of INVAP was distinguished as Personality of the Year","datePublished":"2018-12-10T03:00:00+00:00","mainEntityOfPage":{"@id":"https:\/\/www.invap.com.ar\/en\/the-president-of-invap-was-distinguished-as-personality-of-the-year\/"},"wordCount":277,"publisher":{"@id":"https:\/\/www.invap.com.ar\/en\/#organization"},"image":{"@id":"https:\/\/www.invap.com.ar\/en\/the-president-of-invap-was-distinguished-as-personality-of-the-year\/#primaryimage"},"thumbnailUrl":"https:\/\/www.invap.com.ar\/wp-content\/uploads\/2018\/12\/2018-12-03-Los-Diez-Argentinos-del-Ao-Revista-Noticias-4.jpg","articleSection":["News"],"inLanguage":"en-US"},{"@type":"WebPage","@id":"https:\/\/www.invap.com.ar\/en\/the-president-of-invap-was-distinguished-as-personality-of-the-year\/","url":"https:\/\/www.invap.com.ar\/en\/the-president-of-invap-was-distinguished-as-personality-of-the-year\/","name":"The President of INVAP was distinguished as Personality of the Year | INVAP","isPartOf":{"@id":"https:\/\/www.invap.com.ar\/en\/#website"},"primaryImageOfPage":{"@id":"https:\/\/www.invap.com.ar\/en\/the-president-of-invap-was-distinguished-as-personality-of-the-year\/#primaryimage"},"image":{"@id":"https:\/\/www.invap.com.ar\/en\/the-president-of-invap-was-distinguished-as-personality-of-the-year\/#primaryimage"},"thumbnailUrl":"https:\/\/www.invap.com.ar\/wp-content\/uploads\/2018\/12\/2018-12-03-Los-Diez-Argentinos-del-Ao-Revista-Noticias-4.jpg","datePublished":"2018-12-10T03:00:00+00:00","breadcrumb":{"@id":"https:\/\/www.invap.com.ar\/en\/the-president-of-invap-was-distinguished-as-personality-of-the-year\/#breadcrumb"},"inLanguage":"en-US","potentialAction":[{"@type":"ReadAction","target":["https:\/\/www.invap.com.ar\/en\/the-president-of-invap-was-distinguished-as-personality-of-the-year\/"]}]},{"@type":"ImageObject","inLanguage":"en-US","@id":"https:\/\/www.invap.com.ar\/en\/the-president-of-invap-was-distinguished-as-personality-of-the-year\/#primaryimage","url":"https:\/\/www.invap.com.ar\/wp-content\/uploads\/2018\/12\/2018-12-03-Los-Diez-Argentinos-del-Ao-Revista-Noticias-4.jpg","contentUrl":"https:\/\/www.invap.com.ar\/wp-content\/uploads\/2018\/12\/2018-12-03-Los-Diez-Argentinos-del-Ao-Revista-Noticias-4.jpg","width":1200,"height":800},{"@type":"BreadcrumbList","@id":"https:\/\/www.invap.com.ar\/en\/the-president-of-invap-was-distinguished-as-personality-of-the-year\/#breadcrumb","itemListElement":[{"@type":"ListItem","position":1,"name":"Home","item":"https:\/\/www.invap.com.ar\/en\/"},{"@type":"ListItem","position":2,"name":"The President of INVAP was distinguished as Personality of the Year"}]},{"@type":"WebSite","@id":"https:\/\/www.invap.com.ar\/en\/#website","url":"https:\/\/www.invap.com.ar\/en\/","name":"INVAP - Ciencia y tecnolog\u00eda argentina para el mundo","description":"Science, engineering and technological innovation from Argentina to the world.","publisher":{"@id":"https:\/\/www.invap.com.ar\/en\/#organization"},"alternateName":"INVAP","potentialAction":[{"@type":"SearchAction","target":{"@type":"EntryPoint","urlTemplate":"https:\/\/www.invap.com.ar\/en\/?s={search_term_string}"},"query-input":{"@type":"PropertyValueSpecification","valueRequired":true,"valueName":"search_term_string"}}],"inLanguage":"en-US"},{"@type":"Organization","@id":"https:\/\/www.invap.com.ar\/en\/#organization","name":"INVAP - Ciencia y tecnolog\u00eda argentina para el mundo","alternateName":"INVAP","url":"https:\/\/www.invap.com.ar\/en\/","logo":{"@type":"ImageObject","inLanguage":"en-US","@id":"https:\/\/www.invap.com.ar\/en\/#\/schema\/logo\/image\/","url":"https:\/\/www.invap.com.ar\/wp-content\/uploads\/2026\/03\/LOGO-INVAP-696-YOAST.png","contentUrl":"https:\/\/www.invap.com.ar\/wp-content\/uploads\/2026\/03\/LOGO-INVAP-696-YOAST.png","width":696,"height":696,"caption":"INVAP - Ciencia y tecnolog\u00eda argentina para el mundo"},"image":{"@id":"https:\/\/www.invap.com.ar\/en\/#\/schema\/logo\/image\/"},"sameAs":["https:\/\/www.facebook.com\/INVAP","https:\/\/x.com\/invapargentina","https:\/\/www.linkedin.com\/company\/invap","https:\/\/www.instagram.com\/invapargentina","https:\/\/www.tiktok.com\/@invapargentina","https:\/\/www.youtube.com\/user\/invapin","https:\/\/es.wikipedia.org\/wiki\/INVAP"]},{"@type":"Person","@id":"https:\/\/www.invap.com.ar\/en\/#\/schema\/person\/e0ede1e0b418894f10f6937028b6a3a5","name":"Invasor Diagonal"}]}},"_links":{"self":[{"href":"https:\/\/www.invap.com.ar\/en\/wp-json\/wp\/v2\/posts\/6297","targetHints":{"allow":["GET"]}}],"collection":[{"href":"https:\/\/www.invap.com.ar\/en\/wp-json\/wp\/v2\/posts"}],"about":[{"href":"https:\/\/www.invap.com.ar\/en\/wp-json\/wp\/v2\/types\/post"}],"author":[{"embeddable":true,"href":"https:\/\/www.invap.com.ar\/en\/wp-json\/wp\/v2\/users\/12"}],"replies":[{"embeddable":true,"href":"https:\/\/www.invap.com.ar\/en\/wp-json\/wp\/v2\/comments?post=6297"}],"version-history":[{"count":0,"href":"https:\/\/www.invap.com.ar\/en\/wp-json\/wp\/v2\/posts\/6297\/revisions"}],"wp:featuredmedia":[{"embeddable":true,"href":"https:\/\/www.invap.com.ar\/en\/wp-json\/wp\/v2\/media\/8524"}],"wp:attachment":[{"href":"https:\/\/www.invap.com.ar\/en\/wp-json\/wp\/v2\/media?parent=6297"}],"wp:term":[{"taxonomy":"category","embeddable":true,"href":"https:\/\/www.invap.com.ar\/en\/wp-json\/wp\/v2\/categories?post=6297"},{"taxonomy":"post_tag","embeddable":true,"href":"https:\/\/www.invap.com.ar\/en\/wp-json\/wp\/v2\/tags?post=6297"}],"curies":[{"name":"wp","href":"https:\/\/api.w.org\/{rel}","templated":true}]}}